{"id":1007,"date":"2015-08-04T18:15:21","date_gmt":"2015-08-04T18:15:21","guid":{"rendered":"http:\/\/www.canottiericavallini.it\/?p=1007"},"modified":"2015-08-04T18:24:59","modified_gmt":"2015-08-04T18:24:59","slug":"allegra-a-rio-e-serena-a-pescara","status":"publish","type":"post","link":"https:\/\/www.canottiericavallini.it\/?p=1007","title":{"rendered":"ALLEGRA A RIO E SERENA A PESCARA"},"content":{"rendered":"<p style=\"text-align: justify;\">La squadra nazionale juniores dopo 12 ore di volo \u00e8 arrivata a Rio de Janeiro per partecipare ai Campionati del Mondo Junior 2015. Anche i colori della Cavallini sono rappresentati in Brasile con <strong>Allegra Francalacci<\/strong> che sar\u00e0 capovoga del \u201cdoppio\u201d in coppia con la prodiera Valentina Iseppi della Societ\u00e0 D\u2019Annunzio di Gardone Riviera (Bs). Alla manifestazione 54 nazioni dei cinque continenti si contenderanno i 13 titoli mondiali in palio con ben 190 equipaggi in gara.<\/p>\n<p style=\"text-align: justify;\">La particolarit\u00e0 \u00e8 che le regate si svolgeranno nella Lagoa Rodrigo De Freitas, ai piedi del Corcovado e saranno un test per collaudare il bacino remiero che ospiter\u00e0 le Olimpiadi di Rio 2016.<\/p>\n<p style=\"text-align: justify;\">Le gare inizieranno il 5 agosto con le batterie eliminatorie per concludersi con le finali di domenica 9 agosto e si potranno seguire in diretta streaming sul sito della Fisa <a href=\"http:\/\/www.worldrowing.com\/\" target=\"_blank\">www.worldrowing.com<\/a> , tenendo conto delle 5 ore di fuso orario con l\u2019Italia. Nella sua specialit\u00e0 <strong>Allegra<\/strong> dovr\u00e0 vedersela con altri 18 equipaggi, provenienti dalle pi\u00f9 forti nazioni del remo come: Australia, Cina, Germania, Gran Bretagna, Romania e Sud Africa.<\/p>\n<p style=\"text-align: justify;\">Per la nostra societ\u00e0 \u00e8 gi\u00e0 record di partecipazione alla manifestazione iridata, essendo il quinto anno consecutivo. Iniziammo nel 2011 ad Eton, con Sandra Celoni, che in 3 manifestazioni ci ha regalato due bronzi e un 4\u00b0 posto da capo voga dell\u2019otto con, per arrivare ad Allegra alla sua seconda presenza mondiale.<\/p>\n<p style=\"text-align: justify;\">Altra bella notizia \u00e8 la convocazione di <strong>Serena Cicerchia<\/strong> ai \u201cMediterranean Beach Games 2015\u201d di Pescara del 28-31 agosto; dovrebbe far parte dell\u2019equipaggio del \u201cquattro di coppia coastal\u201d una imbarcazione da mare, specialit\u00e0 nella quale non ci siamo mai cimentati. In pratica sono i Giochi del Mediterraneo sulla spiaggia, alla loro prima edizione ed avranno cadenza quadriennale, aperti alle 24 nazioni che si affacciano sul nostro mare e che si sfideranno in 11 discipline marine. La <strong>\u201cSere\u201d<\/strong> si st\u00e0 allenando in sede e partir\u00e0 per il raduno preparatorio a Pescara nelle prossime settimane. Maggiori dettagli sul sito del Coni: <a href=\"http:\/\/www.pescara2015.it\/Home\"\ntarget=\"_blank\">www.pescara2015.it<\/a>.<br \/>\n<\/br><br \/>\n-Foto e immagini gentilmente concesse dalla FIC e visibili sul sito: www.canottaggio.org-\n<\/p>\n<ul class=\"list_gallery_img_new_post\">\n<li id=\"#box_gallery_new_post\">\n<div>\n<p><a href=\"wp-content\/uploads\/2015\/08\/2015_07_31_4587.jpg\"><img class=\"aligncenter img_gallery\" src=\"wp-content\/uploads\/2015\/08\/2015_07_31_4587.jpg\" alt=\"\" width=\"50%\" \/><\/a><br \/>\n<a href=\"wp-content\/uploads\/2015\/08\/2015_07_31_4432.jpg\"><img class=\"aligncenter img_gallery\" src=\"wp-content\/uploads\/2015\/08\/2015_07_31_4432.jpg\" alt=\"\" width=\"50%\" \/><\/a><br \/>\n<a href=\"wp-content\/uploads\/2015\/08\/2015_07_31_4286.jpg\"><img class=\"aligncenter img_gallery\" src=\"wp-content\/uploads\/2015\/08\/2015_07_31_4286.jpg\" alt=\"\" width=\"50%\" \/><\/a><\/p>\n<\/div>\n<\/li>\n<\/ul>\n","protected":false},"excerpt":{"rendered":"<p>La squadra nazionale juniores dopo 12 ore di volo \u00e8 arrivata a Rio de Janeiro per partecipare ai Campionati del Mondo Junior 2015. Anche i colori della Cavallini sono rappresentati in Brasile con Allegra Francalacci che sar\u00e0 capovoga del \u201cdoppio\u201d in coppia con la prodiera Valentina Iseppi della Societ\u00e0 D\u2019Annunzio di Gardone Riviera (Bs). Alla &hellip; <a href=\"https:\/\/www.canottiericavallini.it\/?p=1007\" class=\"more-link\">Continua la lettura di <span class=\"screen-reader-text\">ALLEGRA A RIO E SERENA A PESCARA<\/span> <span class=\"meta-nav\">&rarr;<\/span><\/a><\/p>\n","protected":false},"author":2,"featured_media":0,"comment_status":"closed","ping_status":"closed","sticky":false,"template":"","format":"standard","meta":[],"categories":[14],"tags":[],"_links":{"self":[{"href":"https:\/\/www.canottiericavallini.it\/index.php?rest_route=\/wp\/v2\/posts\/1007"}],"collection":[{"href":"https:\/\/www.canottiericavallini.it\/index.php?rest_route=\/wp\/v2\/posts"}],"about":[{"href":"https:\/\/www.canottiericavallini.it\/index.php?rest_route=\/wp\/v2\/types\/post"}],"author":[{"embeddable":true,"href":"https:\/\/www.canottiericavallini.it\/index.php?rest_route=\/wp\/v2\/users\/2"}],"replies":[{"embeddable":true,"href":"https:\/\/www.canottiericavallini.it\/index.php?rest_route=%2Fwp%2Fv2%2Fcomments&post=1007"}],"version-history":[{"count":12,"href":"https:\/\/www.canottiericavallini.it\/index.php?rest_route=\/wp\/v2\/posts\/1007\/revisions"}],"predecessor-version":[{"id":1022,"href":"https:\/\/www.canottiericavallini.it\/index.php?rest_route=\/wp\/v2\/posts\/1007\/revisions\/1022"}],"wp:attachment":[{"href":"https:\/\/www.canottiericavallini.it\/index.php?rest_route=%2Fwp%2Fv2%2Fmedia&parent=1007"}],"wp:term":[{"taxonomy":"category","embeddable":true,"href":"https:\/\/www.canottiericavallini.it\/index.php?rest_route=%2Fwp%2Fv2%2Fcategories&post=1007"},{"taxonomy":"post_tag","embeddable":true,"href":"https:\/\/www.canottiericavallini.it\/index.php?rest_route=%2Fwp%2Fv2%2Ftags&post=1007"}],"curies":[{"name":"wp","href":"https:\/\/api.w.org\/{rel}","templated":true}]}}