{"id":1024,"date":"2015-08-09T09:32:29","date_gmt":"2015-08-09T09:32:29","guid":{"rendered":"http:\/\/www.canottiericavallini.it\/?p=1024"},"modified":"2015-08-09T09:41:42","modified_gmt":"2015-08-09T09:41:42","slug":"grande-allegra-bronzo-mondiale","status":"publish","type":"post","link":"https:\/\/www.canottiericavallini.it\/?p=1024","title":{"rendered":"GRANDE ALLEGRA BRONZO MONDIALE !"},"content":{"rendered":"<p>Grande impresa della nostra <strong>Allegra Francalacci<\/strong> che ci \u201cregala\u201d un bronzo al Mondiale Junior di Rio de Janeiro sul doppio femminile, insieme alla compagna Valentina Iseppi. Regalo \u00e8 una semplificazione, visto il duro lavoro ed il percorso che ha dovuto affrontare. Tralasciando la lunga preparazione in societ\u00e0 e quella al raduno con la Squadra nazionale a Piediluco, la regata iridata \u00e8 iniziata con le batterie eliminatorie per portare i 18 equipaggi concorrenti al titolo finale. Nella batteria si sono scontrate con l\u2019equipaggio romeno campione mondiale uscente, riuscendo ad arrivargli dietro ad appena 4 decimi di secondo (7\u201917\u201d.70) e assicurandosi il posto diretto in semifinale. Gara nella quale si sono scontrate direttamente con le giganti tedesche, che comunque hanno controllato riuscendo, dopo un duro rush finale con l\u2019Ungheria, a piazzarsi seconde a 3\u201d.96 dalle teutoniche e ottenendo anche il miglior tempo parziale nel terzo quarto di gara. La finale \u00e8 stata anticipata di un giorno, dalla domenica al sabato, a causa delle previsioni meteo pessime del fine settimana. Dai risultati delle due semifinali si \u00e8 visto subito che la barca italiana poteva lottare per una medaglia, anche se ogni gara ha la sua storia. Riprendiamo la cronaca della finale dal sito federale: \u201cAllo start parte forte la Germania che prova a scappare via inseguita da vicino dalla Romania mentre le azzurre si piazzano in terza posizione dietro alle battistrada. Ai 500 metri conduce la Germania sulla Romania con le azzurre che vengono sopravanzate dalla Gran Bretagna ma si mantengono a stretto contatto con le britanniche. A met\u00e0 gara sono sempre le tedesche al comando braccate dalle romene e dalle britanniche, mentre Iseppi e Francalacci cercano in tutti i modi di non perdere contatto dalle posizioni valide per le medaglie. Nel terzo quarto di gara le azzurre piazzano il loro attacco e riescono a superare la Gran Bretagna che per\u00f2 non molla, e la lotta tra le due barche le porta ad avvicinarsi alla Romania, che intanto ha perso contatto dalla Germania. Finale al cardiopalmo con tre barche affiancate che lottano per conquistare la medaglia d&#8217;argento: sul traguardo, mentre la Germania va a vincere, la Romania mantiene ancora mezza barca sulle azzurre che comunque si aggiudicano una bellissima medaglia di bronzo davanti alla Gran Bretagna. 1. Germania 7.32.58, 2. Romania 7.38.65, 3. Italia (Valentina Iseppi-SC D\u2019Annunzio, Allegra Francalacci-GS Cavallini) 7.40.00, 4. Gran Bretagna 7.41.70, 5. Australia 7.42.83, 6. Ungheria 7.47.71\u201d. Sempre dalle cronache del giornalista ufficiale al seguito della squadra azzurra la dichiarazione post gara di Allegra: \u201cVolevamo il podio e lo abbiamo cercato anche se inizialmente il campo di gara era ventoso e noi siamo leggere e lo abbiamo risentito, ma sul passo abbiamo dato tutto quello che avevamo e sul finale ho atteso per capire se eravamo arrivate al podio. Sono felicissima perch\u00e9 abbiamo lavorato molto per questa medaglia e ora me la voglio godere anche se non ho praticamente pi\u00f9 energie. Voglio dedicarla a tutti gli allenatori della Federazione, al Presidente Abbagnale che ci incoraggia, alla mia famiglia e al mio allenatore Stefano Tognarelli\u201d. Null\u2019altro da aggiungere al momento, se non la grande soddisfazione di aver portato di nuovo il nome della Cavallini e di Calcinaia sulla ribalta sportiva internazionale, di aver contribuito al successo della spedizione azzurra, che si \u00e8 piazzata seconda nel medagliere dietro alla corazzata tedesca, proprio sul campo di gara dove si svolgeranno le regate olimpiche di Rio 2016. Le foto gentilmente concesse dal sito federale (<a href=\"http:\/\/www.canottaggio.org\/web_FIC_2009\/index1.shtml\" target=\"_blank\">www.canottaggio.org<\/a>) parlano da sole. Nelle varie immagini si vede la fatica e la gioia delle due ragazze e la soddisfazione del Presidente federale Giuseppe Abbagnale. Allegra rientrer\u00e0 da Rio luned\u00ec e, dopo qualche giorno di meritato riposo, riprender\u00e0 gli allenamenti in vista di un altro importante obiettivo: i Campionati italiani di Ravenna del prossimo 12-13 settembre, dove lotter\u00e0 per la conquista del titolo, questa volta in \u201csingolo\u201d e dove dovr\u00e0 scontrarsi con molte delle compagne dell\u2019avventura mondiale.<\/br><br \/>\nProssimo appuntamento societario ai \u201cMediterranean Beach Games 2015\u201d di Pescara del 28-31 agosto, dove <strong>Serena Cicerchia<\/strong> far\u00e0 parte dell\u2019equipaggio del \u201cquattro di coppia coastal\u201d che si contender\u00e0 il titolo mediterraneo di questa specialit\u00e0 (<a href=\"http:\/\/www.pescara2015.it\/Home\" target=\"_blank\">www.pescara2015.it<\/a>). Poi anche lei continuer\u00e0 la preparazione per i Campionati italiani di Ravenna nella specialit\u00e0 \u201csingolo pesi leggeri\u201d.<\/p>\n<p>Foto e immagini gentilmente concesse dalla FIC e visibili sul sito: <a href=\"http:\/\/www.canottaggio.org\" target=\"_blank\">www.canottaggio.org<\/a><\/p>\n<ul class=\"list_gallery_img_new_post\">\n<li id=\"#box_gallery_new_post\">\n<div>\n<p><a href=\"wp-content\/uploads\/2015\/08\/MP3_6864.jpg\"><img class=\"aligncenter img_gallery\" src=\"wp-content\/uploads\/2015\/08\/MP3_6864.jpg\" alt=\"\" width=\"50%\" \/><\/a><br \/>\n<a href=\"wp-content\/uploads\/2015\/08\/MP3_3811.jpg\"><img class=\"aligncenter img_gallery\" src=\"wp-content\/uploads\/2015\/08\/MP3_3811.jpg\" alt=\"\" width=\"50%\" \/><\/a><br \/>\n<a href=\"wp-content\/uploads\/2015\/08\/MP8_2244.jpg\"><img class=\"aligncenter img_gallery\" src=\"wp-content\/uploads\/2015\/08\/MP8_2244.jpg\" alt=\"\" width=\"50%\" \/><\/a><br \/>\n<a href=\"wp-content\/uploads\/2015\/08\/MP8_2214.jpg\"><img class=\"aligncenter img_gallery\" src=\"wp-content\/uploads\/2015\/08\/MP8_2214.jpg\" alt=\"\" width=\"50%\" \/><\/a><br \/>\n<a href=\"wp-content\/uploads\/2015\/08\/MP8_2247.jpg\"><img class=\"aligncenter img_gallery\" src=\"wp-content\/uploads\/2015\/08\/MP8_2247.jpg\" alt=\"\" width=\"50%\" \/><\/a><\/p>\n<p><!--more--><\/p>\n<p><a href=\"wp-content\/uploads\/2015\/08\/MP3_6890.jpg\"><img class=\"aligncenter img_gallery\" src=\"wp-content\/uploads\/2015\/08\/MP3_6890.jpg\" alt=\"\" width=\"50%\" \/><\/a><br \/>\n<a href=\"wp-content\/uploads\/2015\/08\/MP3_7042.jpg\"><img class=\"aligncenter img_gallery\" src=\"wp-content\/uploads\/2015\/08\/MP3_7042.jpg\" alt=\"\" width=\"50%\" \/><\/a><br \/>\n<a href=\"wp-content\/uploads\/2015\/08\/MP3_7018.jpg\"><img class=\"aligncenter img_gallery\" src=\"wp-content\/uploads\/2015\/08\/MP3_7018.jpg\" alt=\"\" width=\"50%\" \/><\/a><br \/>\n<a href=\"wp-content\/uploads\/2015\/08\/MP3_6916.jpg\"><img class=\"aligncenter img_gallery\" src=\"wp-content\/uploads\/2015\/08\/MP3_6916.jpg\" alt=\"\" width=\"50%\" \/><\/a><br \/>\n<a href=\"wp-content\/uploads\/2015\/08\/P8080034.jpg\"><img class=\"aligncenter img_gallery\" src=\"wp-content\/uploads\/2015\/08\/P8080034.jpg\" alt=\"\" width=\"50%\" \/><\/a><\/p>\n<\/div>\n<\/li>\n<\/ul>\n","protected":false},"excerpt":{"rendered":"<p>Grande impresa della nostra Allegra Francalacci che ci \u201cregala\u201d un bronzo al Mondiale Junior di Rio de Janeiro sul doppio femminile, insieme alla compagna Valentina Iseppi. Regalo \u00e8 una semplificazione, visto il duro lavoro ed il percorso che ha dovuto affrontare. Tralasciando la lunga preparazione in societ\u00e0 e quella al raduno con la Squadra nazionale &hellip; <a href=\"https:\/\/www.canottiericavallini.it\/?p=1024\" class=\"more-link\">Continua la lettura di <span class=\"screen-reader-text\">GRANDE ALLEGRA BRONZO MONDIALE !<\/span> <span class=\"meta-nav\">&rarr;<\/span><\/a><\/p>\n","protected":false},"author":2,"featured_media":0,"comment_status":"closed","ping_status":"closed","sticky":false,"template":"","format":"standard","meta":[],"categories":[5],"tags":[],"_links":{"self":[{"href":"https:\/\/www.canottiericavallini.it\/index.php?rest_route=\/wp\/v2\/posts\/1024"}],"collection":[{"href":"https:\/\/www.canottiericavallini.it\/index.php?rest_route=\/wp\/v2\/posts"}],"about":[{"href":"https:\/\/www.canottiericavallini.it\/index.php?rest_route=\/wp\/v2\/types\/post"}],"author":[{"embeddable":true,"href":"https:\/\/www.canottiericavallini.it\/index.php?rest_route=\/wp\/v2\/users\/2"}],"replies":[{"embeddable":true,"href":"https:\/\/www.canottiericavallini.it\/index.php?rest_route=%2Fwp%2Fv2%2Fcomments&post=1024"}],"version-history":[{"count":6,"href":"https:\/\/www.canottiericavallini.it\/index.php?rest_route=\/wp\/v2\/posts\/1024\/revisions"}],"predecessor-version":[{"id":1043,"href":"https:\/\/www.canottiericavallini.it\/index.php?rest_route=\/wp\/v2\/posts\/1024\/revisions\/1043"}],"wp:attachment":[{"href":"https:\/\/www.canottiericavallini.it\/index.php?rest_route=%2Fwp%2Fv2%2Fmedia&parent=1024"}],"wp:term":[{"taxonomy":"category","embeddable":true,"href":"https:\/\/www.canottiericavallini.it\/index.php?rest_route=%2Fwp%2Fv2%2Fcategories&post=1024"},{"taxonomy":"post_tag","embeddable":true,"href":"https:\/\/www.canottiericavallini.it\/index.php?rest_route=%2Fwp%2Fv2%2Ftags&post=1024"}],"curies":[{"name":"wp","href":"https:\/\/api.w.org\/{rel}","templated":true}]}}