{"id":1615,"date":"2017-01-25T08:11:58","date_gmt":"2017-01-25T08:11:58","guid":{"rendered":"http:\/\/www.canottiericavallini.it\/?p=1615"},"modified":"2017-01-25T08:11:58","modified_gmt":"2017-01-25T08:11:58","slug":"ricordato-riccardo-nardi","status":"publish","type":"post","link":"https:\/\/www.canottiericavallini.it\/?p=1615","title":{"rendered":"RICORDATO RICCARDO NARDI"},"content":{"rendered":"<p style=\"text-align: justify;\">Nel pomeriggio di sabato 21 gennaio \u00e8 stato commemorato il 40\u00b0 anno della scomparsa di <strong>Riccardo Nardi<\/strong>, il nostro atleta quindicenne che il 22 gennaio 1977 scomparve nelle acque del fiume durante un allenamento. La sua vicenda fu un duro colpo per la Canottieri e per la comunit\u00e0 di Calcinaia. Oltre agli atleti, ai dirigenti e agli amici ed alcuni canottieri di quel periodo, erano presenti il Sindaco di Calcinaia Lucia Ciampi ed il parroco Don Roberto Fontana, che hanno celebrato la memoria di un ragazzo amato e stimato da tutti coloro che hanno avuto la fortuna di conoscerlo, la sorella Federica impossibilitata a presenziare ha inviato una commovente lettera di ringraziamento. Nei brevi ma intensi discorsi che hanno preceduto l\u2019attimo in cui \u00e8 stata scoperta dal Sindaco la targa apposta al monumento, realizzato in quegli anni dallo scultore Gennaro Strazzullo per rendere omaggio alla figura di Riccardo, si \u00e8 percepito nitidamente un senso di commozione generale, ribadito dai nostri dirigenti, che hanno sottolineato come Riccardo rimarr\u00e0 sempre nel ricordo e nel cuore di tutti coloro che operano per la crescita sportiva della nostra societ\u00e0. In seguito il parroco ha benedetto il monumento. Rammentiamo che in sua memoria, oltre al monumento marmoreo la societ\u00e0 gli aveva anche intitolato l\u2019attuale palestra, una barca e un Trofeo regionale della FIC, che ogni anno viene assegnato al campione toscano in singolo ragazzi.<\/p>\n<p style=\"text-align: justify;\"><a href=\"http:\/\/www.canottiericavallini.it\/wp-content\/uploads\/2017\/01\/16265771_1359331934148758_4078833886249654775_n.jpg\"><img loading=\"lazy\" class=\"aligncenter size-medium wp-image-1616\" src=\"http:\/\/www.canottiericavallini.it\/wp-content\/uploads\/2017\/01\/16265771_1359331934148758_4078833886249654775_n-225x300.jpg\" alt=\"16265771_1359331934148758_4078833886249654775_n\" width=\"225\" height=\"300\" srcset=\"https:\/\/www.canottiericavallini.it\/wp-content\/uploads\/2017\/01\/16265771_1359331934148758_4078833886249654775_n-225x300.jpg 225w, https:\/\/www.canottiericavallini.it\/wp-content\/uploads\/2017\/01\/16265771_1359331934148758_4078833886249654775_n.jpg 720w\" sizes=\"(max-width: 225px) 100vw, 225px\" \/><\/a><a href=\"http:\/\/www.canottiericavallini.it\/wp-content\/uploads\/2017\/01\/16115007_1359331844148767_1474739845958049333_n.jpg\"><img loading=\"lazy\" class=\"aligncenter size-medium wp-image-1617\" src=\"http:\/\/www.canottiericavallini.it\/wp-content\/uploads\/2017\/01\/16115007_1359331844148767_1474739845958049333_n-300x225.jpg\" alt=\"16115007_1359331844148767_1474739845958049333_n\" width=\"300\" height=\"225\" srcset=\"https:\/\/www.canottiericavallini.it\/wp-content\/uploads\/2017\/01\/16115007_1359331844148767_1474739845958049333_n-300x225.jpg 300w, https:\/\/www.canottiericavallini.it\/wp-content\/uploads\/2017\/01\/16115007_1359331844148767_1474739845958049333_n.jpg 960w\" sizes=\"(max-width: 300px) 100vw, 300px\" \/><\/a><\/p>\n","protected":false},"excerpt":{"rendered":"<p>Nel pomeriggio di sabato 21 gennaio \u00e8 stato commemorato il 40\u00b0 anno della scomparsa di Riccardo Nardi, il nostro atleta quindicenne che il 22 gennaio 1977 scomparve nelle acque del fiume durante un allenamento. La sua vicenda fu un duro colpo per la Canottieri e per la comunit\u00e0 di Calcinaia. Oltre agli atleti, ai dirigenti &hellip; <a href=\"https:\/\/www.canottiericavallini.it\/?p=1615\" class=\"more-link\">Continua la lettura di <span class=\"screen-reader-text\">RICORDATO RICCARDO NARDI<\/span> <span class=\"meta-nav\">&rarr;<\/span><\/a><\/p>\n","protected":false},"author":2,"featured_media":0,"comment_status":"closed","ping_status":"closed","sticky":false,"template":"","format":"standard","meta":[],"categories":[25],"tags":[],"_links":{"self":[{"href":"https:\/\/www.canottiericavallini.it\/index.php?rest_route=\/wp\/v2\/posts\/1615"}],"collection":[{"href":"https:\/\/www.canottiericavallini.it\/index.php?rest_route=\/wp\/v2\/posts"}],"about":[{"href":"https:\/\/www.canottiericavallini.it\/index.php?rest_route=\/wp\/v2\/types\/post"}],"author":[{"embeddable":true,"href":"https:\/\/www.canottiericavallini.it\/index.php?rest_route=\/wp\/v2\/users\/2"}],"replies":[{"embeddable":true,"href":"https:\/\/www.canottiericavallini.it\/index.php?rest_route=%2Fwp%2Fv2%2Fcomments&post=1615"}],"version-history":[{"count":1,"href":"https:\/\/www.canottiericavallini.it\/index.php?rest_route=\/wp\/v2\/posts\/1615\/revisions"}],"predecessor-version":[{"id":1618,"href":"https:\/\/www.canottiericavallini.it\/index.php?rest_route=\/wp\/v2\/posts\/1615\/revisions\/1618"}],"wp:attachment":[{"href":"https:\/\/www.canottiericavallini.it\/index.php?rest_route=%2Fwp%2Fv2%2Fmedia&parent=1615"}],"wp:term":[{"taxonomy":"category","embeddable":true,"href":"https:\/\/www.canottiericavallini.it\/index.php?rest_route=%2Fwp%2Fv2%2Fcategories&post=1615"},{"taxonomy":"post_tag","embeddable":true,"href":"https:\/\/www.canottiericavallini.it\/index.php?rest_route=%2Fwp%2Fv2%2Ftags&post=1615"}],"curies":[{"name":"wp","href":"https:\/\/api.w.org\/{rel}","templated":true}]}}