{"id":2033,"date":"2018-03-26T10:23:34","date_gmt":"2018-03-26T10:23:34","guid":{"rendered":"http:\/\/www.canottiericavallini.it\/?p=2033"},"modified":"2018-03-27T08:45:04","modified_gmt":"2018-03-27T08:45:04","slug":"avanti-tutta-a-genova","status":"publish","type":"post","link":"https:\/\/www.canottiericavallini.it\/?p=2033","title":{"rendered":"AVANTI TUTTA A GENOVA"},"content":{"rendered":"<p style=\"text-align: justify;\">Buona la prima prova nazionale sulle distanze olimpiche al \u201cMeeting Nazionale\u201d di Genova svoltosi il 24 e 25 marzo. Belle affermazioni di tutta la squadra, dagli allievi agli junior che nonostante le poche uscite in barca, dovute all\u2019Arno quasi sempre alto e le due regate regionali di Ravenna e San Miniato annullate, sono riusciti a portare a casa ben 17 medaglie su 21 regate svolte: 7 ori, 8 argenti, 2 bronzi oltre a 1 quarto posto,\u00a0 ma soprattutto buone indicazioni per i nostri allenatori Stefano e Kristina in vista dei prossimi appuntamenti nazionali e data la presenza di quasi tutte le societ\u00e0 del nord e centro Italia con ben 1690 vogatori gara su 967 equipaggi. A parte le ormai croniche criticit\u00e0 del campo di Pr\u00e0 alle quali siamo abituati (difficolt\u00e0 nei parcheggi, scarsit\u00e0 di servizi e pontili) oltre al forte vento, la squadra di 18 atleti si \u00e8 divertita e ha gareggiato in quasi tutte le specialit\u00e0 dal singolo all\u2019otto con! Ecco in ordine di podio i risultati completi della due giorni: <span style=\"text-decoration: underline;\">Oro<\/span> per: 7,20 Cad. <strong>Emanuele Meliani<\/strong>, 7,20 Cad. <strong>Gregorio Menicagli<\/strong>, 7,20 Cad. <strong>Veronica De Martino<\/strong>, 7,20 All.C <strong>Francesco Calvani<\/strong>, Quaduplo Ragazzi <strong>Pietro Olivieri<\/strong>,<strong> Manuel Strazzullo<\/strong>, <strong>Martino Garruccio<\/strong>, <strong>Federico Veracini<\/strong>, Quaduplo Cad.<strong> Nicol\u00f2 Bacci<\/strong>, <strong>Emanuele Meliani<\/strong>, <strong>Gregorio Menicagli<\/strong>, T. Carmignani (CC Giacomelli) e Otto con Junior <strong>Manuel Strazzullo<\/strong>, <strong>Pietro Olivieri<\/strong>, <strong>Martino Garruccio<\/strong>, <strong>Federico Veracini<\/strong>, <strong>Antonio Nelli<\/strong>, <strong>Samuele Gori<\/strong>, G.Melegari e P. Sitia (SS Murcarolo) con <strong>Nicol\u00f2 Bacci<\/strong> al timone &#8211; <span style=\"text-decoration: underline;\">Argento<\/span> per: \u00a07,20 Cad. <strong>Nicol\u00f2 Bacci<\/strong>, 7,20 All.C<strong>\u00a0 <\/strong><strong>Francesco Garruccio<\/strong>, 7,20 All.C <strong>Giona Olivieri<\/strong>, 7,20 All.C <strong>Alessandro Tognarelli, <\/strong>Singolo ragazze<strong> Giorgia Borriello<\/strong>, Quadruplo Cad. <strong>Giona Olivieri<\/strong>, <strong>Francesco Calvani<\/strong>, <strong>Francesco Garruccio<\/strong> e <strong>Alessandro Tognarelli<\/strong>, Doppio Ragazze <strong>Benedetta De Martino<\/strong> e I. Latinakis (SS Murcarolo) Doppio Junior <strong>Antonio Nelli<\/strong> e <strong>Samuele Gori<\/strong>. &#8211; <span style=\"text-decoration: underline;\">Bronzo<\/span> per: 7,20 All. B2 <strong>Noemi Arzilli<\/strong>, Quadruplo Junior <strong>Giorgia Borriello<\/strong>, <strong>Veronica De Martino<\/strong>, I. Latinakis e B. Brunengo (SS Murcarolo) &#8211; <span style=\"text-decoration: underline;\">Quarti<\/span>: Singolo Cad. <strong>Veronica De Martino<\/strong> &#8211; <span style=\"text-decoration: underline;\">Altri risultati<\/span>: 6\u00b0 7,20 All.B2 <strong>Noemi Arzilli<\/strong>, 5\u00b0 e 6\u00b0 nei due giorni <strong>Riccardo Menicagli<\/strong> su 7,20 All.B1 che esordisce nella sua prima regata da atleta.<\/p>\n<p style=\"text-align: justify;\"><a href=\"http:\/\/www.canottiericavallini.it\/wp-content\/uploads\/2018\/03\/CEC_2093.jpg\"><img loading=\"lazy\" class=\"aligncenter  wp-image-2034\" src=\"http:\/\/www.canottiericavallini.it\/wp-content\/uploads\/2018\/03\/CEC_2093-300x200.jpg\" alt=\"cec_2093\" width=\"323\" height=\"215\" srcset=\"https:\/\/www.canottiericavallini.it\/wp-content\/uploads\/2018\/03\/CEC_2093-300x200.jpg 300w, https:\/\/www.canottiericavallini.it\/wp-content\/uploads\/2018\/03\/CEC_2093.jpg 1024w\" sizes=\"(max-width: 323px) 100vw, 323px\" \/><\/a><a href=\"http:\/\/www.canottiericavallini.it\/wp-content\/uploads\/2018\/03\/CEC_3001.jpg\"><img loading=\"lazy\" class=\"aligncenter  wp-image-2036\" src=\"http:\/\/www.canottiericavallini.it\/wp-content\/uploads\/2018\/03\/CEC_3001-300x200.jpg\" alt=\"cec_3001\" width=\"315\" height=\"210\" srcset=\"https:\/\/www.canottiericavallini.it\/wp-content\/uploads\/2018\/03\/CEC_3001-300x200.jpg 300w, https:\/\/www.canottiericavallini.it\/wp-content\/uploads\/2018\/03\/CEC_3001.jpg 1024w\" sizes=\"(max-width: 315px) 100vw, 315px\" \/><\/a><a href=\"http:\/\/www.canottiericavallini.it\/wp-content\/uploads\/2018\/03\/CEC_3050.jpg\"><img loading=\"lazy\" class=\"aligncenter  wp-image-2038\" src=\"http:\/\/www.canottiericavallini.it\/wp-content\/uploads\/2018\/03\/CEC_3050-300x200.jpg\" alt=\"cec_3050\" width=\"311\" height=\"207\" srcset=\"https:\/\/www.canottiericavallini.it\/wp-content\/uploads\/2018\/03\/CEC_3050-300x200.jpg 300w, https:\/\/www.canottiericavallini.it\/wp-content\/uploads\/2018\/03\/CEC_3050.jpg 1024w\" sizes=\"(max-width: 311px) 100vw, 311px\" \/><\/a><\/p>\n<p style=\"text-align: justify;\"><a href=\"http:\/\/www.canottiericavallini.it\/wp-content\/uploads\/2018\/03\/IMG-20180325-WA0007_resized.jpg\"><img loading=\"lazy\" class=\"aligncenter  wp-image-2037\" src=\"http:\/\/www.canottiericavallini.it\/wp-content\/uploads\/2018\/03\/IMG-20180325-WA0007_resized.jpg\" alt=\"img-20180325-wa0007_resized\" width=\"273\" height=\"364\" \/><\/a>Un ringraziamento va a tutti i nostri \u201cragazzi\u201d e ai tecnici <strong>Stefano Tognarelli<\/strong> e <strong>Kristina Mugnai<\/strong>, accompagnati dal dirigente <strong>Gabriele Luschi<\/strong>, gi\u00e0 pronti per formare gli equipaggi per le prossime gare: 1^ Nazionale di Piediluco del 7-8 aprile, Memorial Bolognesi e Trofeo regionale CONI di Pontedera del 15 aprile e per la 1^ Regionale di S.Miniato del 29 aprile. Un ringraziamento anche a quei genitori che hanno accompagnato e seguito gli atleti e alla SC Varese che ci ha prestato l\u2019otto con. Tutte le foto (gentilmente concesse dalla Fic) e risultati sulla nostra pagina Facebook. Notizie complete consultabili sul sito federale <a href=\"http:\/\/www.canottaggio.org\">www.canottaggio.org<\/a>.<\/p>\n","protected":false},"excerpt":{"rendered":"<p>Buona la prima prova nazionale sulle distanze olimpiche al \u201cMeeting Nazionale\u201d di Genova svoltosi il 24 e 25 marzo. Belle affermazioni di tutta la squadra, dagli allievi agli junior che nonostante le poche uscite in barca, dovute all\u2019Arno quasi sempre alto e le due regate regionali di Ravenna e San Miniato annullate, sono riusciti a &hellip; <a href=\"https:\/\/www.canottiericavallini.it\/?p=2033\" class=\"more-link\">Continua la lettura di <span class=\"screen-reader-text\">AVANTI TUTTA A GENOVA<\/span> <span class=\"meta-nav\">&rarr;<\/span><\/a><\/p>\n","protected":false},"author":2,"featured_media":0,"comment_status":"closed","ping_status":"closed","sticky":false,"template":"","format":"standard","meta":[],"categories":[26],"tags":[],"_links":{"self":[{"href":"https:\/\/www.canottiericavallini.it\/index.php?rest_route=\/wp\/v2\/posts\/2033"}],"collection":[{"href":"https:\/\/www.canottiericavallini.it\/index.php?rest_route=\/wp\/v2\/posts"}],"about":[{"href":"https:\/\/www.canottiericavallini.it\/index.php?rest_route=\/wp\/v2\/types\/post"}],"author":[{"embeddable":true,"href":"https:\/\/www.canottiericavallini.it\/index.php?rest_route=\/wp\/v2\/users\/2"}],"replies":[{"embeddable":true,"href":"https:\/\/www.canottiericavallini.it\/index.php?rest_route=%2Fwp%2Fv2%2Fcomments&post=2033"}],"version-history":[{"count":4,"href":"https:\/\/www.canottiericavallini.it\/index.php?rest_route=\/wp\/v2\/posts\/2033\/revisions"}],"predecessor-version":[{"id":2042,"href":"https:\/\/www.canottiericavallini.it\/index.php?rest_route=\/wp\/v2\/posts\/2033\/revisions\/2042"}],"wp:attachment":[{"href":"https:\/\/www.canottiericavallini.it\/index.php?rest_route=%2Fwp%2Fv2%2Fmedia&parent=2033"}],"wp:term":[{"taxonomy":"category","embeddable":true,"href":"https:\/\/www.canottiericavallini.it\/index.php?rest_route=%2Fwp%2Fv2%2Fcategories&post=2033"},{"taxonomy":"post_tag","embeddable":true,"href":"https:\/\/www.canottiericavallini.it\/index.php?rest_route=%2Fwp%2Fv2%2Ftags&post=2033"}],"curies":[{"name":"wp","href":"https:\/\/api.w.org\/{rel}","templated":true}]}}