{"id":2276,"date":"2020-02-09T20:02:14","date_gmt":"2020-02-09T20:02:14","guid":{"rendered":"http:\/\/www.canottiericavallini.it\/?p=2276"},"modified":"2020-02-09T20:02:14","modified_gmt":"2020-02-09T20:02:14","slug":"week-end-di-medaglie-e-di-crescita-a-torino","status":"publish","type":"post","link":"https:\/\/www.canottiericavallini.it\/?p=2276","title":{"rendered":"WEEK END DI MEDAGLIE E DI CRESCITA A TORINO"},"content":{"rendered":"<p style=\"text-align: justify;\">Biancocelesti in crescita alla 37^ Regata internazionale di gran fondo \u201cD&#8217;Inverno sul Po&#8221; a Torino. Due giorni intensi che attestano il buono stato di salute della squadra agonistica, diretta e seguita da <strong>Stefano Tognarelli<\/strong>, confermato da due ori un argento e un bronzo, sui 7 equipaggi calcinaioli, fra societari e misti. Ecco i risultati del <u>sabato<\/u> sulle barche corte: 1\u00b0 1X Rag.<strong> Nicol\u00f2 Bacci<\/strong>, 2\u00b0 2- Jun. <strong>Giorgia Borriello<\/strong> e Emma Cuzzocrea (SC Arno), 6\u00b0 1X PL <strong>Benedetta<\/strong> <strong>De Martino,<\/strong> 8\u00b0 1X Rag. <strong>Emanuele Meliani<\/strong> (terzo fino a 250 mt. dall\u2019arrivo, quando ha urtato sulle boe), 9\u00b0 1X PL <strong>Filippo Fatticcioni <\/strong>esordiente e alla sua seconda gara, 8\u00b0 2X Rag. <strong>Veronica De Martino<\/strong> con i colori del CC Giacomelli. Da evidenziare la crescita dallo scorso anno, quando nelle stesse specialit\u00e0 Nicol\u00f2 arriv\u00f2 8\u00b0, Giorgia 6^ ed Emanuele 15\u00b0. Invece la <u>domenica<\/u> sulle barche lunghe: 1\u00b0 4X Rag. <strong>Nicol\u00f2 Bacci<\/strong>, <strong>Emanuele Meliani<\/strong> con Simone Gianni e Fabio Bardo (Amici del Fiume) sui 34 equipaggi in gara che con 15\u201930\u201d.84 segnano il record della manifestazione, 3\u00b0 8+ Jun. <strong>Giorgia Borriello<\/strong> (misto SC D\u2019Aloja), 6\u00b0 8+ Jun. <strong>Benedetta<\/strong> <strong>De Martino<\/strong> (misto SC V. Da Feltre), 9\u00b0 4X Rag. <strong>Veronica De Martino<\/strong> (misto CC Giacomelli). Si passa ora alla preparazione per gli appuntamenti sulle distanze olimpiche, con la regata interregionale dell\u20198 marzo a Ravenna per passare poi alla 1^ nazionale del 21-22 marzo a Sabaudia. Seguiteci anche su <u>facebook<\/u> ed <u>Instagram<\/u>. Risultati completi e foto visionabili sul sito <a href=\"http:\/\/www.canottaggio.org\">www.canottaggio.org<\/a><\/p>\n<p><a href=\"http:\/\/www.canottiericavallini.it\/wp-content\/uploads\/2020\/02\/84992995_2863831970365406_1998541311820431360_n.jpg\"><img loading=\"lazy\" class=\"aligncenter  wp-image-2277\" src=\"http:\/\/www.canottiericavallini.it\/wp-content\/uploads\/2020\/02\/84992995_2863831970365406_1998541311820431360_n-300x138.jpg\" alt=\"\" width=\"413\" height=\"190\" srcset=\"https:\/\/www.canottiericavallini.it\/wp-content\/uploads\/2020\/02\/84992995_2863831970365406_1998541311820431360_n-300x138.jpg 300w, https:\/\/www.canottiericavallini.it\/wp-content\/uploads\/2020\/02\/84992995_2863831970365406_1998541311820431360_n-768x354.jpg 768w, https:\/\/www.canottiericavallini.it\/wp-content\/uploads\/2020\/02\/84992995_2863831970365406_1998541311820431360_n.jpg 960w\" sizes=\"(max-width: 413px) 100vw, 413px\" \/><\/a><a href=\"http:\/\/www.canottiericavallini.it\/wp-content\/uploads\/2020\/02\/CLA_3238.jpg\"><img loading=\"lazy\" class=\"aligncenter  wp-image-2278\" src=\"http:\/\/www.canottiericavallini.it\/wp-content\/uploads\/2020\/02\/CLA_3238-300x200.jpg\" alt=\"\" width=\"406\" height=\"271\" srcset=\"https:\/\/www.canottiericavallini.it\/wp-content\/uploads\/2020\/02\/CLA_3238-300x200.jpg 300w, https:\/\/www.canottiericavallini.it\/wp-content\/uploads\/2020\/02\/CLA_3238-768x512.jpg 768w, https:\/\/www.canottiericavallini.it\/wp-content\/uploads\/2020\/02\/CLA_3238.jpg 1024w\" sizes=\"(max-width: 406px) 100vw, 406px\" \/><\/a><a href=\"http:\/\/www.canottiericavallini.it\/wp-content\/uploads\/2020\/02\/84690069_2863831877032082_4370179925768929280_n.jpg\"><img loading=\"lazy\" class=\"aligncenter  wp-image-2279\" src=\"http:\/\/www.canottiericavallini.it\/wp-content\/uploads\/2020\/02\/84690069_2863831877032082_4370179925768929280_n-300x204.jpg\" alt=\"\" width=\"402\" height=\"274\" srcset=\"https:\/\/www.canottiericavallini.it\/wp-content\/uploads\/2020\/02\/84690069_2863831877032082_4370179925768929280_n-300x204.jpg 300w, https:\/\/www.canottiericavallini.it\/wp-content\/uploads\/2020\/02\/84690069_2863831877032082_4370179925768929280_n.jpg 738w\" sizes=\"(max-width: 402px) 100vw, 402px\" \/><\/a><a href=\"http:\/\/www.canottiericavallini.it\/wp-content\/uploads\/2020\/02\/84931288_2863831840365419_3991524051196575744_n.jpg\"><img loading=\"lazy\" class=\"aligncenter  wp-image-2280\" src=\"http:\/\/www.canottiericavallini.it\/wp-content\/uploads\/2020\/02\/84931288_2863831840365419_3991524051196575744_n-169x300.jpg\" alt=\"\" width=\"270\" height=\"479\" srcset=\"https:\/\/www.canottiericavallini.it\/wp-content\/uploads\/2020\/02\/84931288_2863831840365419_3991524051196575744_n-169x300.jpg 169w, https:\/\/www.canottiericavallini.it\/wp-content\/uploads\/2020\/02\/84931288_2863831840365419_3991524051196575744_n.jpg 542w\" sizes=\"(max-width: 270px) 100vw, 270px\" \/><\/a><\/p>\n","protected":false},"excerpt":{"rendered":"<p>Biancocelesti in crescita alla 37^ Regata internazionale di gran fondo \u201cD&#8217;Inverno sul Po&#8221; a Torino. Due giorni intensi che attestano il buono stato di salute della squadra agonistica, diretta e seguita da Stefano Tognarelli, confermato da due ori un argento e un bronzo, sui 7 equipaggi calcinaioli, fra societari e misti. Ecco i risultati del &hellip; <a href=\"https:\/\/www.canottiericavallini.it\/?p=2276\" class=\"more-link\">Continua la lettura di <span class=\"screen-reader-text\">WEEK END DI MEDAGLIE E DI CRESCITA A TORINO<\/span> <span class=\"meta-nav\">&rarr;<\/span><\/a><\/p>\n","protected":false},"author":2,"featured_media":0,"comment_status":"closed","ping_status":"closed","sticky":false,"template":"","format":"standard","meta":[],"categories":[21],"tags":[],"_links":{"self":[{"href":"https:\/\/www.canottiericavallini.it\/index.php?rest_route=\/wp\/v2\/posts\/2276"}],"collection":[{"href":"https:\/\/www.canottiericavallini.it\/index.php?rest_route=\/wp\/v2\/posts"}],"about":[{"href":"https:\/\/www.canottiericavallini.it\/index.php?rest_route=\/wp\/v2\/types\/post"}],"author":[{"embeddable":true,"href":"https:\/\/www.canottiericavallini.it\/index.php?rest_route=\/wp\/v2\/users\/2"}],"replies":[{"embeddable":true,"href":"https:\/\/www.canottiericavallini.it\/index.php?rest_route=%2Fwp%2Fv2%2Fcomments&post=2276"}],"version-history":[{"count":1,"href":"https:\/\/www.canottiericavallini.it\/index.php?rest_route=\/wp\/v2\/posts\/2276\/revisions"}],"predecessor-version":[{"id":2281,"href":"https:\/\/www.canottiericavallini.it\/index.php?rest_route=\/wp\/v2\/posts\/2276\/revisions\/2281"}],"wp:attachment":[{"href":"https:\/\/www.canottiericavallini.it\/index.php?rest_route=%2Fwp%2Fv2%2Fmedia&parent=2276"}],"wp:term":[{"taxonomy":"category","embeddable":true,"href":"https:\/\/www.canottiericavallini.it\/index.php?rest_route=%2Fwp%2Fv2%2Fcategories&post=2276"},{"taxonomy":"post_tag","embeddable":true,"href":"https:\/\/www.canottiericavallini.it\/index.php?rest_route=%2Fwp%2Fv2%2Ftags&post=2276"}],"curies":[{"name":"wp","href":"https:\/\/api.w.org\/{rel}","templated":true}]}}