{"id":973,"date":"2015-07-02T12:44:32","date_gmt":"2015-07-02T12:44:32","guid":{"rendered":"http:\/\/www.canottiericavallini.it\/?p=973"},"modified":"2015-07-02T12:44:32","modified_gmt":"2015-07-02T12:44:32","slug":"mario-vicecampione-italiano-master-allegra-e-giulio-convocati-in-nazionale","status":"publish","type":"post","link":"https:\/\/www.canottiericavallini.it\/?p=973","title":{"rendered":"MARIO VICECAMPIONE ITALIANO MASTER, ALLEGRA E GIULIO CONVOCATI IN NAZIONALE"},"content":{"rendered":"<p>Bravo il nostro atleta <strong>Mario Scanferlato<\/strong> che nello scorso week end ha conquistato l&#8217;argento nel singolo cat. E, ai Campionati italiani Master di Sabaudia.<\/p>\n<p>Dopo aver dominato le batterie del sabato segnando il miglior tempo assoluto della specialit\u00e0&#8217;, nella finale della domenica, valida per il titolo nazionale, non e&#8217; riuscito a conquistare la maglia tricolore per pochi secondi. Abituato al podio, infatti ai campionati dello scorso anno conquist\u00f2 un oro e un argento.<\/p>\n<p>Passiamo ai rematori delle categorie allievi, che si stanno preparando alla tre giorni del Festival dei Giovani di Candia, dove la societ\u00e0 ne schierer\u00e0 una parte, 8 tutti nella specialit\u00e0&#8217; del singolo nelle varie categorie e in doppie gare (sabato e domenica) sul lago canavese.<\/p>\n<p>Questa settimana \u00e8 iniziata bene anche con la convocazione di due nostri vogatori nelle squadre nazionali ai raduni collegiali in preparazione dei Campionati mondiali 2015. Per la rassegna iridata Under 23 di Plovdiv (Bulgaria) il CT Barbo ha chiamato <strong>Giulio Francalacci<\/strong>, impegnatissimo negli allenamenti e nello studio per gli esami di maturit\u00e0&#8217; e partito luned\u00ec alla volta di Varese. Invece <strong>Allegra Francalacci<\/strong>, gi\u00e0&#8217; pi\u00f9 volte azzurra nonch\u00e9 sorella, \u00e8 stata chiamata dal CT Romagnoli al raduno preparatorio ai mondiali Junior di Rio de Janeiro, che inizier\u00e0&#8217; a Piediluco il prossimo 6 luglio.<\/p>\n<p>I due canottieri saranno valutati nei duri allenamenti e test si misureranno con i loro coetanei per la formazione degli equipaggi azzurri che rappresenteranno l&#8217;Italia alle due manifestazioni mondiali. Conoscendo la loro determinazione siamo sicuri che daranno il massimo per conquistare il tanto sudato posto in barca.<\/p>\n<ul class=\"list_gallery_img_new_post\">\n<li id=\"#box_gallery_new_post\">\n<div>\n<p><a href=\"wp-content\/uploads\/2015\/07\/289O9121.jpg\"><img class=\"aligncenter img_gallery\" src=\"wp-content\/uploads\/2015\/07\/289O9121.jpg\" alt=\"\" width=\"50%\" \/><\/a><br \/>\n<a href=\"wp-content\/uploads\/2015\/07\/289O0843.jpg\"><img class=\"aligncenter img_gallery\" src=\"wp-content\/uploads\/2015\/07\/289O0843.jpg\" alt=\"\" width=\"50%\" \/><\/a><br \/>\n<a href=\"wp-content\/uploads\/2015\/07\/289O0841.jpg\"><img class=\"aligncenter img_gallery\" src=\"wp-content\/uploads\/2015\/07\/289O0841.jpg\" alt=\"\" width=\"50%\" \/><\/a><\/p>\n<\/div>\n<\/li>\n<\/ul>\n","protected":false},"excerpt":{"rendered":"<p>Bravo il nostro atleta Mario Scanferlato che nello scorso week end ha conquistato l&#8217;argento nel singolo cat. E, ai Campionati italiani Master di Sabaudia. Dopo aver dominato le batterie del sabato segnando il miglior tempo assoluto della specialit\u00e0&#8217;, nella finale della domenica, valida per il titolo nazionale, non e&#8217; riuscito a conquistare la maglia tricolore &hellip; <a href=\"https:\/\/www.canottiericavallini.it\/?p=973\" class=\"more-link\">Continua la lettura di <span class=\"screen-reader-text\">MARIO VICECAMPIONE ITALIANO MASTER, ALLEGRA E GIULIO CONVOCATI IN NAZIONALE<\/span> <span class=\"meta-nav\">&rarr;<\/span><\/a><\/p>\n","protected":false},"author":2,"featured_media":0,"comment_status":"closed","ping_status":"closed","sticky":false,"template":"","format":"standard","meta":[],"categories":[6],"tags":[],"_links":{"self":[{"href":"https:\/\/www.canottiericavallini.it\/index.php?rest_route=\/wp\/v2\/posts\/973"}],"collection":[{"href":"https:\/\/www.canottiericavallini.it\/index.php?rest_route=\/wp\/v2\/posts"}],"about":[{"href":"https:\/\/www.canottiericavallini.it\/index.php?rest_route=\/wp\/v2\/types\/post"}],"author":[{"embeddable":true,"href":"https:\/\/www.canottiericavallini.it\/index.php?rest_route=\/wp\/v2\/users\/2"}],"replies":[{"embeddable":true,"href":"https:\/\/www.canottiericavallini.it\/index.php?rest_route=%2Fwp%2Fv2%2Fcomments&post=973"}],"version-history":[{"count":1,"href":"https:\/\/www.canottiericavallini.it\/index.php?rest_route=\/wp\/v2\/posts\/973\/revisions"}],"predecessor-version":[{"id":977,"href":"https:\/\/www.canottiericavallini.it\/index.php?rest_route=\/wp\/v2\/posts\/973\/revisions\/977"}],"wp:attachment":[{"href":"https:\/\/www.canottiericavallini.it\/index.php?rest_route=%2Fwp%2Fv2%2Fmedia&parent=973"}],"wp:term":[{"taxonomy":"category","embeddable":true,"href":"https:\/\/www.canottiericavallini.it\/index.php?rest_route=%2Fwp%2Fv2%2Fcategories&post=973"},{"taxonomy":"post_tag","embeddable":true,"href":"https:\/\/www.canottiericavallini.it\/index.php?rest_route=%2Fwp%2Fv2%2Ftags&post=973"}],"curies":[{"name":"wp","href":"https:\/\/api.w.org\/{rel}","templated":true}]}}