{"id":997,"date":"2015-07-17T16:05:04","date_gmt":"2015-07-17T16:05:04","guid":{"rendered":"http:\/\/www.canottiericavallini.it\/?p=997"},"modified":"2015-07-18T16:14:08","modified_gmt":"2015-07-18T16:14:08","slug":"serena-convocata-al-raduno-premondiale","status":"publish","type":"post","link":"https:\/\/www.canottiericavallini.it\/?p=997","title":{"rendered":"SERENA CONVOCATA AL RADUNO PREMONDIALE"},"content":{"rendered":"<p style=\"text-align: justify;\">E&#8217; di ieri la bella notizia della convocazione da parte del DT La Mura della nostra atleta <strong>Serena Cicerchia<\/strong> al raduno di pre mondiale per la formazione della squadra senior e pesi leggeri che parteciper\u00e0 ai prossimi Campionati del Mondo assoluti e PL in programma in Francia, ad Aiguebelette (Alta Savoia) dal 30 agosto al 6 settembre.<br \/>\nSerena partir\u00e0 luned\u00ec 20 luglio per il Centro di preparazione Olimpica della FIC di Piediluco dove, fino al 23 agosto, si allener\u00e0 e misurer\u00e0 con le altre atlete della nazionale per la formazione delle barche che rappresenteranno l&#8217;Italia alla competizione iridata.<br \/>\nGrande soddisfazione del tecnico Stefano Tognarelli che da sempre ha creduto nel valore e nella determinazione dell&#8217;atleta, che poco pi\u00f9 di un mese fa ha battuto il record del mondo sui 1000 Km al remoergometro e che da tempo si allenava per raggiungere l&#8217;obiettivo di essere chiamata nella selezione delle atlete rosa.<\/p>\n","protected":false},"excerpt":{"rendered":"<p>E&#8217; di ieri la bella notizia della convocazione da parte del DT La Mura della nostra atleta Serena Cicerchia al raduno di pre mondiale per la formazione della squadra senior e pesi leggeri che parteciper\u00e0 ai prossimi Campionati del Mondo assoluti e PL in programma in Francia, ad Aiguebelette (Alta Savoia) dal 30 agosto al &hellip; <a href=\"https:\/\/www.canottiericavallini.it\/?p=997\" class=\"more-link\">Continua la lettura di <span class=\"screen-reader-text\">SERENA CONVOCATA AL RADUNO PREMONDIALE<\/span> <span class=\"meta-nav\">&rarr;<\/span><\/a><\/p>\n","protected":false},"author":2,"featured_media":0,"comment_status":"closed","ping_status":"closed","sticky":false,"template":"","format":"standard","meta":[],"categories":[5],"tags":[],"_links":{"self":[{"href":"https:\/\/www.canottiericavallini.it\/index.php?rest_route=\/wp\/v2\/posts\/997"}],"collection":[{"href":"https:\/\/www.canottiericavallini.it\/index.php?rest_route=\/wp\/v2\/posts"}],"about":[{"href":"https:\/\/www.canottiericavallini.it\/index.php?rest_route=\/wp\/v2\/types\/post"}],"author":[{"embeddable":true,"href":"https:\/\/www.canottiericavallini.it\/index.php?rest_route=\/wp\/v2\/users\/2"}],"replies":[{"embeddable":true,"href":"https:\/\/www.canottiericavallini.it\/index.php?rest_route=%2Fwp%2Fv2%2Fcomments&post=997"}],"version-history":[{"count":2,"href":"https:\/\/www.canottiericavallini.it\/index.php?rest_route=\/wp\/v2\/posts\/997\/revisions"}],"predecessor-version":[{"id":999,"href":"https:\/\/www.canottiericavallini.it\/index.php?rest_route=\/wp\/v2\/posts\/997\/revisions\/999"}],"wp:attachment":[{"href":"https:\/\/www.canottiericavallini.it\/index.php?rest_route=%2Fwp%2Fv2%2Fmedia&parent=997"}],"wp:term":[{"taxonomy":"category","embeddable":true,"href":"https:\/\/www.canottiericavallini.it\/index.php?rest_route=%2Fwp%2Fv2%2Fcategories&post=997"},{"taxonomy":"post_tag","embeddable":true,"href":"https:\/\/www.canottiericavallini.it\/index.php?rest_route=%2Fwp%2Fv2%2Ftags&post=997"}],"curies":[{"name":"wp","href":"https:\/\/api.w.org\/{rel}","templated":true}]}}